{"id":941,"date":"2024-01-18T12:56:21","date_gmt":"2024-01-18T11:56:21","guid":{"rendered":"https:\/\/sucyenbrie.mitropolia.eu\/?p=941"},"modified":"2024-01-25T11:14:59","modified_gmt":"2024-01-25T10:14:59","slug":"icoana-maicii-domnului-paramythia","status":"publish","type":"post","link":"https:\/\/sucyenbrie.mitropolia.eu\/index.php\/2024\/01\/18\/icoana-maicii-domnului-paramythia\/","title":{"rendered":"Icoana Maicii Domnului PARAMYTHIA"},"content":{"rendered":"\n<figure class=\"wp-block-image\"><img decoding=\"async\" loading=\"lazy\" width=\"907\" height=\"168\" src=\"https:\/\/sucyenbrie.mitropolia.eu\/wp-content\/uploads\/2024\/01\/lf_ro.png\" alt=\"\" class=\"wp-image-950\" srcset=\"https:\/\/sucyenbrie.mitropolia.eu\/wp-content\/uploads\/2024\/01\/lf_ro.png 907w, https:\/\/sucyenbrie.mitropolia.eu\/wp-content\/uploads\/2024\/01\/lf_ro-300x56.png 300w, https:\/\/sucyenbrie.mitropolia.eu\/wp-content\/uploads\/2024\/01\/lf_ro-768x142.png 768w\" sizes=\"(max-width: 907px) 100vw, 907px\" \/><\/figure>\n\n\n<div class=\"wp-block-image\">\n<figure class=\"alignleft size-full\"><img decoding=\"async\" loading=\"lazy\" width=\"325\" height=\"460\" src=\"https:\/\/sucyenbrie.mitropolia.eu\/wp-content\/uploads\/2024\/01\/icoana.png\" alt=\"\" class=\"wp-image-942\" srcset=\"https:\/\/sucyenbrie.mitropolia.eu\/wp-content\/uploads\/2024\/01\/icoana.png 325w, https:\/\/sucyenbrie.mitropolia.eu\/wp-content\/uploads\/2024\/01\/icoana-212x300.png 212w\" sizes=\"(max-width: 325px) 100vw, 325px\" \/><\/figure><\/div>\n\n\n<p>Suntem \u00een anul 1320, la M\u0103n\u0103stirea Vatopedu, din Muntele Athos. \u00cen vreme ce c\u0103lug\u0103rii p\u0103r\u0103seau biserica diminea\u021ba dup\u0103 slujb\u0103, era obiceiul \u00een aceast\u0103 m\u0103n\u0103stire ca toat\u0103 lumea s\u0103 s\u0103rute icoana Maicii Domnului care se g\u0103sea \u00een pronaos, \u0219i \u00een acel moment egumenul (stare\u021bul) d\u0103dea cheile portarului pentru ca acesta s\u0103 deschid\u0103 marea poart\u0103 a m\u0103n\u0103stirii, care r\u0103m\u00e2nea \u00eenchis\u0103 pe timpul nop\u021bii. Pe 21 ianuarie 1320, \u00een timp ce egumenul m\u0103n\u0103stirii Vatopedu se preg\u0103tea, ca de obicei, s\u0103 \u00eencredin\u021beze cheile c\u0103lug\u0103rului \u00eens\u0103rcinat s\u0103 deschid\u0103 marea poart\u0103, el a auzit icoana vorbind \u0219i spun\u0103ndu-i: \u00ab&nbsp;<em>Nu deschide\u021bi por\u021bile m\u0103n\u0103stirii ast\u0103zi&nbsp;; urca\u021bi mai degrab\u0103 \u00een crenelurile zidurilor \u0219i izgoni\u021bi pira\u021bii!<\/em>&nbsp;\u00bb. Icoana a mai spus \u00eenc\u0103 o dat\u0103 acela\u0219i lucru, \u0219i, \u00een timp ce egumenul se \u00eentorcea, L-a vazut pe Sf\u00e2ntul Prunc pun\u00e2nd m\u00e2na Sa pe gura Maicii Domnului, spun\u00e2nd: \u00ab <em>Maic\u0103, nu veghea asupra acestei cete de p\u0103c\u0103to\u0219i! Las\u0103-i s\u0103 piar\u0103 de sabie, c\u0103ci p\u0103catele lor s-au \u00eenmul\u021bit. <\/em>\u00bb Sf\u00e2nta Fecioar\u0103, retr\u0103g\u00e2nd m\u00e2na lui Hristos de la gura sa, \u0219i-a \u00eentors capul \u00eentr-o parte, \u0219i a repetat pentru a treia oar\u0103 egumenului ceea ce spusese prima oar\u0103. M\u0103n\u0103stirea fu astfel salvat\u0103 \u00een mod miraculos de atacul pira\u021bilor.<\/p>\n\n\n\n<p>Dup\u0103 aceast\u0103 minunat\u0103 revela\u021bie a milei Maicii Domnului pentru umanitate, imaginea Maicii Domnului de pe fresca zidului m\u0103n\u0103stirii a r\u0103mas \u00een aceast\u0103 pozi\u021bie, diferit\u0103 de cea ini\u021bial\u0103, \u00een amintirea acestui miracol. Chipul Preasfintei Fecioare este plin de bl\u00e2nde\u021be \u0219i de mil\u0103, \u00een timp ce chipul Pruncului Iisus a r\u0103mas marcat de o expresie sever\u0103, de judec\u0103tor.<\/p>\n\n\n\n<p>Prin aceast\u0103 minune, este \u00eenc\u0103 o dat\u0103 ar\u0103tat\u0103 \u00eendr\u0103zneala Maicii Domnului pe l\u00e2ng\u0103 Fiul s\u0103u. Prin rug\u0103ciunile sale, ea mijloce\u0219te \u00eenc\u0103 \u0219i ast\u0103zi pentru iertarea umanit\u0103\u021bii de pedepsele meritate pentru mul\u021bimea p\u0103catelor ei.&nbsp; &nbsp;Aceast\u0103 icoan\u0103 este celebrat\u0103 pe 21 ianuarie. Am adus aceast\u0103 icoan\u0103 aici pentru c\u0103 \u00eemi doresc ca ea s\u0103 vegheze \u0219i asupra parohiei noastre, s\u0103 ne p\u0103zeasc\u0103 de toate relele \u0219i s\u0103 ne m\u00e2ng\u00e2ie \u00een toate \u00eencerc\u0103rile. A\u0219a s\u0103 fie! Amin. (Pr. Nicolae FLOREA).<\/p>\n","protected":false},"excerpt":{"rendered":"<p>Suntem \u00een anul 1320, la M\u0103n\u0103stirea Vatopedu, din Muntele Athos. \u00cen vreme ce c\u0103lug\u0103rii p\u0103r\u0103seau biserica diminea\u021ba dup\u0103 slujb\u0103, era obiceiul \u00een aceast\u0103 m\u0103n\u0103stire ca toat\u0103 lumea s\u0103 s\u0103rute icoana Maicii Domnului care se g\u0103sea \u00een pronaos, \u0219i \u00een acel moment egumenul (stare\u021bul) d\u0103dea cheile portarului pentru ca acesta s\u0103 deschid\u0103 marea poart\u0103 a m\u0103n\u0103stirii,<\/p><\/div>\n<div class=\"blog-btn\"><a href=\"https:\/\/sucyenbrie.mitropolia.eu\/index.php\/2024\/01\/18\/icoana-maicii-domnului-paramythia\/\" class=\"home-blog-btn\">Lire la suite<\/a><\/p>\n","protected":false},"author":3,"featured_media":0,"comment_status":"closed","ping_status":"open","sticky":false,"template":"","format":"standard","meta":[],"categories":[65],"tags":[],"_links":{"self":[{"href":"https:\/\/sucyenbrie.mitropolia.eu\/index.php\/wp-json\/wp\/v2\/posts\/941"}],"collection":[{"href":"https:\/\/sucyenbrie.mitropolia.eu\/index.php\/wp-json\/wp\/v2\/posts"}],"about":[{"href":"https:\/\/sucyenbrie.mitropolia.eu\/index.php\/wp-json\/wp\/v2\/types\/post"}],"author":[{"embeddable":true,"href":"https:\/\/sucyenbrie.mitropolia.eu\/index.php\/wp-json\/wp\/v2\/users\/3"}],"replies":[{"embeddable":true,"href":"https:\/\/sucyenbrie.mitropolia.eu\/index.php\/wp-json\/wp\/v2\/comments?post=941"}],"version-history":[{"count":4,"href":"https:\/\/sucyenbrie.mitropolia.eu\/index.php\/wp-json\/wp\/v2\/posts\/941\/revisions"}],"predecessor-version":[{"id":952,"href":"https:\/\/sucyenbrie.mitropolia.eu\/index.php\/wp-json\/wp\/v2\/posts\/941\/revisions\/952"}],"wp:attachment":[{"href":"https:\/\/sucyenbrie.mitropolia.eu\/index.php\/wp-json\/wp\/v2\/media?parent=941"}],"wp:term":[{"taxonomy":"category","embeddable":true,"href":"https:\/\/sucyenbrie.mitropolia.eu\/index.php\/wp-json\/wp\/v2\/categories?post=941"},{"taxonomy":"post_tag","embeddable":true,"href":"https:\/\/sucyenbrie.mitropolia.eu\/index.php\/wp-json\/wp\/v2\/tags?post=941"}],"curies":[{"name":"wp","href":"https:\/\/api.w.org\/{rel}","templated":true}]}}